{"id":1407,"date":"2021-02-26T11:37:48","date_gmt":"2021-02-26T11:37:48","guid":{"rendered":"https:\/\/yathaberturkiye.com\/?p=1407"},"modified":"2021-03-02T06:38:59","modified_gmt":"2021-03-02T06:38:59","slug":"the-dubai-boat-show-2022-has-been-postponed","status":"publish","type":"post","link":"https:\/\/yathaberturkiye.com\/en\/the-dubai-boat-show-2022-has-been-postponed\/","title":{"rendered":"DUBAI BOAT SHOW 2022 POSTPONED"},"content":{"rendered":"<p><strong>The Dubai International Boat and Yacht Show has canceled its 2021 event. The new dates for the show have been announced as March 8-12, 2021.<\/strong>.<\/p>\n\n\n\n<p>Due to restrictive measures affecting the international logistics and mobility of yachts, the Dubai International Yacht and Boat Show 2021 has canceled its schedule.<\/p>\n\n\n\n<p>The Dubai exhibition management, aiming to enable participating brands to comfortably display their products and ensure visitors' access to all brands, changed the exhibition date based on the prediction that current conditions would negatively impact this situation.<\/p>\n\n\n\n<p>With the unanimous decision of all participants, the Dubai International Yacht and Boat Show will open its doors at Dubai Port from March 8-12, 2022.<\/p>\n\n\n\n<p>The postponement announcement also included comments from Michael Breman, Sales Director at L\u00fcrssen Yachts; Abeer Alshaali, Deputy CEO at Gulf Craft; Bogdan Borascu, Marketing Director at Ocean 360; and Ahmad Musaed Al Ameeri, CEO at Seas &amp; Deserts.<\/p>\n\n\n\n<p>Gulf Craft Deputy CEO Abeer Alshaali stated in her comments on the matter that the variety of options available to visitors is important for Gulf Craft, while expressing their support for the decision to postpone the exhibition.<\/p>\n\n\n\n<p>L\u00fcrssen Yachts Sales Director Michael Breman expressed his satisfaction that the Dubai International Yacht and Boat Show management had sought the company's opinion on the postponement, stating that holding the event at a more appropriate time was the best decision for all yacht manufacturers worldwide.<\/p>\n\n\n\n<p>Ocean 360 Marketing Director Bogdan Borascu stated that the company supports the postponement decision and is eagerly awaiting the opportunity to meet with sea enthusiasts in March 2022.<\/p>\n\n\n\n<p>Seas &amp; Deserts CEO Ahmad Musaed Al Ameeri also stated that they faced difficulties due to restrictions on boat movements in the region and that they supported the postponement decision as a result. Ameeri announced that they would continue their support for the event to be held in 2022.<\/p>","protected":false},"excerpt":{"rendered":"<p>Dubai Uluslararas\u0131 Yat ve Tekne Fuar\u0131, 2021 y\u0131l\u0131ndaki organizasyonunu iptal etti. Fuar\u0131n yeni tarihi ise 8-12 Mart 2021 olarak duyuruldu. Geli\u015fen s\u00fcre\u00e7te yatlar\u0131n uluslararas\u0131 lojisti\u011fi ve hareketlili\u011fini k\u0131s\u0131tlay\u0131c\u0131 \u00f6nlemler nedeniyle Dubai Uluslararas\u0131 Yat ve Tekne Fuar\u0131 2021 takvimini iptal etti. Kat\u0131l\u0131mc\u0131 markalar\u0131n \u00fcr\u00fcnlerini rahat\u00e7a sergileyebilmesi ve ziyaret\u00e7ilerin t\u00fcm markalara eri\u015fimini sa\u011flamay\u0131 ama\u00e7layan Dubai fuar y\u00f6netimi, [&hellip;]<\/p>","protected":false},"author":11,"featured_media":1419,"comment_status":"open","ping_status":"open","sticky":false,"template":"","format":"standard","meta":{"footnotes":""},"categories":[1],"tags":[65,76,74,77,75],"class_list":["post-1407","post","type-post","status-publish","format-standard","has-post-thumbnail","hentry","category-haber","tag-boatshow","tag-dubai","tag-dubaiboatshow","tag-dubaiport","tag-fair"],"_links":{"self":[{"href":"https:\/\/yathaberturkiye.com\/en\/wp-json\/wp\/v2\/posts\/1407","targetHints":{"allow":["GET"]}}],"collection":[{"href":"https:\/\/yathaberturkiye.com\/en\/wp-json\/wp\/v2\/posts"}],"about":[{"href":"https:\/\/yathaberturkiye.com\/en\/wp-json\/wp\/v2\/types\/post"}],"author":[{"embeddable":true,"href":"https:\/\/yathaberturkiye.com\/en\/wp-json\/wp\/v2\/users\/11"}],"replies":[{"embeddable":true,"href":"https:\/\/yathaberturkiye.com\/en\/wp-json\/wp\/v2\/comments?post=1407"}],"version-history":[{"count":1,"href":"https:\/\/yathaberturkiye.com\/en\/wp-json\/wp\/v2\/posts\/1407\/revisions"}],"predecessor-version":[{"id":1409,"href":"https:\/\/yathaberturkiye.com\/en\/wp-json\/wp\/v2\/posts\/1407\/revisions\/1409"}],"wp:featuredmedia":[{"embeddable":true,"href":"https:\/\/yathaberturkiye.com\/en\/wp-json\/wp\/v2\/media\/1419"}],"wp:attachment":[{"href":"https:\/\/yathaberturkiye.com\/en\/wp-json\/wp\/v2\/media?parent=1407"}],"wp:term":[{"taxonomy":"category","embeddable":true,"href":"https:\/\/yathaberturkiye.com\/en\/wp-json\/wp\/v2\/categories?post=1407"},{"taxonomy":"post_tag","embeddable":true,"href":"https:\/\/yathaberturkiye.com\/en\/wp-json\/wp\/v2\/tags?post=1407"}],"curies":[{"name":"wp","href":"https:\/\/api.w.org\/{rel}","templated":true}]}}