{"id":17250,"date":"2024-03-07T13:35:39","date_gmt":"2024-03-07T13:35:39","guid":{"rendered":"https:\/\/yathaberturkiye.com\/?p=17250"},"modified":"2024-03-07T13:35:40","modified_gmt":"2024-03-07T13:35:40","slug":"representatives-of-yachting-are-gathering-at-the-adriatic-superyacht-summit","status":"publish","type":"post","link":"https:\/\/yathaberturkiye.com\/en\/representatives-of-yachting-are-gathering-at-the-adriatic-superyacht-summit\/","title":{"rendered":"Yachting representatives gather at the Adriatic Superyacht Summit"},"content":{"rendered":"<p><strong>The Adriatic Superyacht Summit will address the overall outlook for yachting and the opportunities offered by the Adriatic, renowned for its extraordinary geographical beauty and richness, for superyachts.&nbsp;<\/strong><\/p>\n\n\n\n<p>The Adriatic Superyacht Summit, where key figures in Adriatic yachting will gather, will take place on April 18 in Split, Croatia.<\/p>\n\n\n\n<p>The event is organized with the aim of promoting education and networking among the elite of the yachting industry. &nbsp;&nbsp;&nbsp;<\/p>\n\n\n\n<p><strong>The speakers at the summit are as follows:<\/strong><\/p>\n\n\n\n<p>Nuvolari Lenard Founding Partner<strong> <\/strong>Dan Lenard, CEO of Family Office Rezida Ross, Owner of K\u00e2\u015fif Yacht and Principal Partner of Cantiere Delle Marche Tom Schr\u00f6der, Superyacht Captain and Manager of Mortlock Yachts Tristan Mortlock, Mega Yacht Captain and Consultant Malcolm Jacotine,Darko \u0160upuk, Publisher of Yachts Croatia and Owner of Touch Adriatic Agency, Teuta Duletic, Chairman of the Board of L\u00fcrssen Design Center Kvarner and NVL, and Katarina Larisa Ham, CEO of Quintessentially SEE.<\/p>\n\n\n\n<p><strong>The Adriatic Superyacht Escape Route<\/strong><\/p>\n\n\n\n<p>The Adriatic Sea encompasses Italy, Slovenia, Croatia, Bosnia and Herzegovina, Montenegro, and Albania. Croatia's 1,777-kilometer coastline and over a thousand islands, Montenegro's historic 293-kilometer coastline, and Albania's pristine 476-kilometer coastline are particularly noteworthy. Italy also adds richness to the Adriatic with its iconic beauty, historical charm, and culinary wonders.<\/p>\n\n\n\n<p><strong>Ideal for superyachts<\/strong><\/p>\n\n\n\n<p>The Adriatic region, with its diverse landscapes and rich culture, offers an ideal setting for superyachts\u2014symbols of luxury and wealth\u2014that can range from 45 to 160 meters in length and provide every conceivable comfort.<\/p>","protected":false},"excerpt":{"rendered":"<p>Adriyatik S\u00fcperyat Zirvesi\u2019nde, yat\u00e7\u0131l\u0131\u011f\u0131n genel g\u00f6r\u00fcn\u00fcm\u00fc ve ola\u011fan\u00fcst\u00fc co\u011frafi g\u00fczelli\u011fiyle zenginli\u011fiyle bilinen Adriyatik\u2019in s\u00fcperyatlar i\u00e7in sundu\u011fu olanaklar ele al\u0131nacak.&nbsp; Adriyatik yat\u00e7\u0131l\u0131\u011f\u0131n\u0131n \u00f6nemli isimlerinin bulu\u015faca\u011f\u0131 Adriyatik S\u00fcperyat Zirvesi (Superyacht Summit Adria), 18 Nisan\u2019da H\u0131rvatistan\u2019\u0131n Split \u015fehrinde ger\u00e7ekle\u015ftirilecek. Etkinlik, yat\u00e7\u0131l\u0131k sekt\u00f6r\u00fcn\u00fcn elitleri aras\u0131nda e\u011fitim ve network olu\u015fturman\u0131n te\u015fvik edilmesiyle amac\u0131yla d\u00fczenleniyor. &nbsp;&nbsp;&nbsp; Zirvede konu\u015fmac\u0131 olarak alan isimler [&hellip;]<\/p>","protected":false},"author":11,"featured_media":17251,"comment_status":"closed","ping_status":"closed","sticky":false,"template":"","format":"standard","meta":{"footnotes":""},"categories":[1],"tags":[35,48],"class_list":["post-17250","post","type-post","status-publish","format-standard","has-post-thumbnail","hentry","category-haber","tag-yacht","tag-yat"],"_links":{"self":[{"href":"https:\/\/yathaberturkiye.com\/en\/wp-json\/wp\/v2\/posts\/17250","targetHints":{"allow":["GET"]}}],"collection":[{"href":"https:\/\/yathaberturkiye.com\/en\/wp-json\/wp\/v2\/posts"}],"about":[{"href":"https:\/\/yathaberturkiye.com\/en\/wp-json\/wp\/v2\/types\/post"}],"author":[{"embeddable":true,"href":"https:\/\/yathaberturkiye.com\/en\/wp-json\/wp\/v2\/users\/11"}],"replies":[{"embeddable":true,"href":"https:\/\/yathaberturkiye.com\/en\/wp-json\/wp\/v2\/comments?post=17250"}],"version-history":[{"count":1,"href":"https:\/\/yathaberturkiye.com\/en\/wp-json\/wp\/v2\/posts\/17250\/revisions"}],"predecessor-version":[{"id":17252,"href":"https:\/\/yathaberturkiye.com\/en\/wp-json\/wp\/v2\/posts\/17250\/revisions\/17252"}],"wp:featuredmedia":[{"embeddable":true,"href":"https:\/\/yathaberturkiye.com\/en\/wp-json\/wp\/v2\/media\/17251"}],"wp:attachment":[{"href":"https:\/\/yathaberturkiye.com\/en\/wp-json\/wp\/v2\/media?parent=17250"}],"wp:term":[{"taxonomy":"category","embeddable":true,"href":"https:\/\/yathaberturkiye.com\/en\/wp-json\/wp\/v2\/categories?post=17250"},{"taxonomy":"post_tag","embeddable":true,"href":"https:\/\/yathaberturkiye.com\/en\/wp-json\/wp\/v2\/tags?post=17250"}],"curies":[{"name":"wp","href":"https:\/\/api.w.org\/{rel}","templated":true}]}}