{"id":17366,"date":"2024-04-18T08:22:51","date_gmt":"2024-04-18T08:22:51","guid":{"rendered":"https:\/\/yathaberturkiye.com\/?p=17366"},"modified":"2024-04-18T08:22:53","modified_gmt":"2024-04-18T08:22:53","slug":"italian-sea-group-laid-the-keel-of-the-admiral","status":"publish","type":"post","link":"https:\/\/yathaberturkiye.com\/en\/italian-sea-group-laid-the-keel-of-the-admiral\/","title":{"rendered":"Italian Sea Group laid the keel for the Admiral"},"content":{"rendered":"<p><strong>The keel of the 53-meter hybrid superyacht Admiral was installed by the Italian Sea Group.<\/strong><\/p>\n\n\n\n<p>Italian Sea Group held the keel laying ceremony of the 53-meter Admiral, the third yacht in production and the first with hybrid propulsion. &nbsp;<\/p>\n\n\n\n<p>\u201cThe keel laying ceremony is a special moment in the construction of a yacht that is beginning to take concrete shape. The Admiral superyacht in hybrid version credits our continuous and uninterrupted research into sustainability, both at sea and in the atmosphere, for navigation with almost zero emissions.\u201d.<\/p>\n\n\n\n<p>Designed without visual limitations, Admiral's elegant fluidity between exterior and interior spaces creates a continuous and natural dialogue between all environments. Characterized by large volumes and structural details, the superyacht's interiors reveal a refined and enveloping atmosphere thanks to carefully selected precious and natural materials such as wood, stone and rough metals.<\/p>\n\n\n\n<p><strong>Accommodates 12 guests<\/strong><\/p>\n\n\n\n<p>A total of 12 guests can be accommodated in Admiral's five spacious suites on the lower deck at the bow and in the owner's cabin on the main deck, which also features a private outside terrace.<\/p>\n\n\n\n<p>In addition to a 7.5-meter tender, the yacht has two jet skis, a rescue boat and various toys in the open bow area in front of the wheelhouse.<\/p>\n\n\n\n<p>Admiral is scheduled to be delivered in the first half of 2026.<\/p>","protected":false},"excerpt":{"rendered":"<p>\u0130talyan Sea Group taraf\u0131ndan 53 metrelik hibrit s\u00fcperyat Admiral\u2019in omurgas\u0131 yerle\u015ftirildi. \u0130talyan Sea Group, \u00fcretimdeki \u00fc\u00e7\u00fcnc\u00fc ve hibrid tahrikli ilk yat olan 53 metrelik Admiral&#8217;in omurga atma t\u00f6renini ger\u00e7ekle\u015ftirdi. &nbsp; The Italian Sea Group Kurucusu ve CEO&#8217;su Giovanni Costantino t\u00f6renle ilgili olarak &#8220;Omurga yerle\u015ftirme t\u00f6reni, somut bir \u015fekil almaya ba\u015flayan bir yat\u0131n in\u015fas\u0131nda \u00f6zel bir [&hellip;]<\/p>","protected":false},"author":11,"featured_media":17367,"comment_status":"closed","ping_status":"closed","sticky":false,"template":"","format":"standard","meta":{"footnotes":""},"categories":[1],"tags":[179,180,178,54],"class_list":["post-17366","post","type-post","status-publish","format-standard","has-post-thumbnail","hentry","category-haber","tag-admiral","tag-italy","tag-tigs","tag-yachts"],"_links":{"self":[{"href":"https:\/\/yathaberturkiye.com\/en\/wp-json\/wp\/v2\/posts\/17366","targetHints":{"allow":["GET"]}}],"collection":[{"href":"https:\/\/yathaberturkiye.com\/en\/wp-json\/wp\/v2\/posts"}],"about":[{"href":"https:\/\/yathaberturkiye.com\/en\/wp-json\/wp\/v2\/types\/post"}],"author":[{"embeddable":true,"href":"https:\/\/yathaberturkiye.com\/en\/wp-json\/wp\/v2\/users\/11"}],"replies":[{"embeddable":true,"href":"https:\/\/yathaberturkiye.com\/en\/wp-json\/wp\/v2\/comments?post=17366"}],"version-history":[{"count":1,"href":"https:\/\/yathaberturkiye.com\/en\/wp-json\/wp\/v2\/posts\/17366\/revisions"}],"predecessor-version":[{"id":17368,"href":"https:\/\/yathaberturkiye.com\/en\/wp-json\/wp\/v2\/posts\/17366\/revisions\/17368"}],"wp:featuredmedia":[{"embeddable":true,"href":"https:\/\/yathaberturkiye.com\/en\/wp-json\/wp\/v2\/media\/17367"}],"wp:attachment":[{"href":"https:\/\/yathaberturkiye.com\/en\/wp-json\/wp\/v2\/media?parent=17366"}],"wp:term":[{"taxonomy":"category","embeddable":true,"href":"https:\/\/yathaberturkiye.com\/en\/wp-json\/wp\/v2\/categories?post=17366"},{"taxonomy":"post_tag","embeddable":true,"href":"https:\/\/yathaberturkiye.com\/en\/wp-json\/wp\/v2\/tags?post=17366"}],"curies":[{"name":"wp","href":"https:\/\/api.w.org\/{rel}","templated":true}]}}