{"id":19442,"date":"2026-01-17T09:49:15","date_gmt":"2026-01-17T09:49:15","guid":{"rendered":"https:\/\/yathaberturkiye.com\/?p=19442"},"modified":"2026-01-17T09:49:16","modified_gmt":"2026-01-17T09:49:16","slug":"yacht-news-turkey-in-dusseldorf-with-boot-dusseldorf-special-edition-issue-57","status":"publish","type":"post","link":"https:\/\/yathaberturkiye.com\/en\/yacht-news-turkey-in-dusseldorf-with-boot-dusseldorf-special-edition-issue-57\/","title":{"rendered":"YACHT NEWS TURKEY in D\u00fcsseldorf with Boot D\u00fcsseldorf Special Edition (Issue 57)"},"content":{"rendered":"<p>With Boot D\u00fcsseldorf opening its doors<a href=\"https:\/\/yathaberturkiye.com\/en\/yacht-news-turkey-special-edition-at-the-monaco-yacht-show\/\" data-type=\"link\" data-id=\"https:\/\/yathaberturkiye.com\/yat-haber-turkiye-mys25-ozel-sayisiyla-monaco-yacht-showda\/\"> <strong>Yacht News Turkey<\/strong><\/a>, prepared specially for the fair <strong><a href=\"https:\/\/yathaberturkiye.com\/en\/boot-dusseldorf-2025-the-pulse-of-boating-beats-here\/\" data-type=\"link\" data-id=\"https:\/\/yathaberturkiye.com\/boot-dusseldorf-2025-yilinda-yatciligin-nabzi-burada-atiyor\/\">Boot D\u00fcsseldorf Special Edition <\/a>(Issue 57)<\/strong> with <strong>He took his place on the field in D\u00fcsseldorf<\/strong>. The editorial approach of having a physical presence at all major international yachting fairs in which Turkey participates is being continued in this organization.<\/p>\n\n\n\n<p>All of them <strong>English<\/strong> Boot D\u00fcsseldorf Special Edition stands out with its rich content and special files designed specifically for the fair. The issue covers the position of the Turkish yacht building industry in international markets, its production capacity and its place in the global competitive environment, accompanied by in-depth editorial studies.<\/p>\n\n\n<div class=\"wp-block-image\">\n<figure class=\"aligncenter size-full is-resized\"><img fetchpriority=\"high\" decoding=\"async\" width=\"900\" height=\"600\" src=\"https:\/\/yathaberturkiye.com\/wp-content\/uploads\/2026\/01\/boot25_BS0021.jpg\" alt=\"\" class=\"wp-image-19443\" style=\"width:899px;height:auto\" srcset=\"https:\/\/yathaberturkiye.com\/wp-content\/uploads\/2026\/01\/boot25_BS0021.jpg 900w, https:\/\/yathaberturkiye.com\/wp-content\/uploads\/2026\/01\/boot25_BS0021-300x200.jpg 300w, https:\/\/yathaberturkiye.com\/wp-content\/uploads\/2026\/01\/boot25_BS0021-768x512.jpg 768w, https:\/\/yathaberturkiye.com\/wp-content\/uploads\/2026\/01\/boot25_BS0021-18x12.jpg 18w, https:\/\/yathaberturkiye.com\/wp-content\/uploads\/2026\/01\/boot25_BS0021-750x500.jpg 750w\" sizes=\"(max-width: 900px) 100vw, 900px\" \/><figcaption class=\"wp-element-caption\">Photo:Messe\/D\u00fcsseldorf<\/figcaption><\/figure>\n<\/div>\n\n\n<p>Yacht News Turkey will continue to convey the innovations, prominent developments and sectoral agenda at Boot D\u00fcsseldorf to its readers from the field, in the most up-to-date and hottest form. For industry professionals who want to closely follow the pulse of the global yachting industry, we will provide up-to-date content throughout the fair. <strong>Yacht News on Turkey's digital platforms<\/strong> will take place.<\/p>\n\n\n\n<p>Yacht News Turkey, which acts as a publication that not only follows international fairs but also follows them on the spot and assumes an active editorial role in the global yachting ecosystem, makes a strong start to the 2026 international fair calendar with Boot D\u00fcsseldorf.<\/p>\n\n\n\n<p><strong>Boot D\u00fcsseldorf Special Edition (Issue 57)<\/strong> Yacht News Turkey and Yacht News Turkey continue to contribute to the global visibility of the Turkish yacht industry and convey international developments from the field.<\/p>","protected":false},"excerpt":{"rendered":"<p>Boot D\u00fcsseldorf\u2019un kap\u0131lar\u0131n\u0131 a\u00e7mas\u0131yla birlikte Yacht News T\u00fcrkiye, fuara \u00f6zel haz\u0131rlad\u0131\u011f\u0131 Boot D\u00fcsseldorf Special Edition (Issue 57) ile D\u00fcsseldorf\u2019ta sahadaki yerini ald\u0131. T\u00fcrkiye\u2019nin kat\u0131l\u0131m g\u00f6sterdi\u011fi t\u00fcm b\u00fcy\u00fck uluslararas\u0131 yat\u00e7\u0131l\u0131k fuarlar\u0131nda fiziksel olarak yer alma editoryal yakla\u015f\u0131m\u0131, bu organizasyonda da s\u00fcrd\u00fcr\u00fcl\u00fcyor. Tamam\u0131 \u0130ngilizce olarak haz\u0131rlanan Boot D\u00fcsseldorf Special Edition, zengin i\u00e7eri\u011fi ve fuara \u00f6zel kurgulanan \u00f6zel [&hellip;]<\/p>","protected":false},"author":12,"featured_media":19448,"comment_status":"closed","ping_status":"closed","sticky":false,"template":"","format":"standard","meta":{"footnotes":""},"categories":[150],"tags":[374,530,529,528],"class_list":["post-19442","post","type-post","status-publish","format-standard","has-post-thumbnail","hentry","category-neta-trend","tag-boot-dusseldorf","tag-fuar-ozel-sayisi","tag-yacht-news-turkiye","tag-yat-haber-turkiye"],"_links":{"self":[{"href":"https:\/\/yathaberturkiye.com\/en\/wp-json\/wp\/v2\/posts\/19442","targetHints":{"allow":["GET"]}}],"collection":[{"href":"https:\/\/yathaberturkiye.com\/en\/wp-json\/wp\/v2\/posts"}],"about":[{"href":"https:\/\/yathaberturkiye.com\/en\/wp-json\/wp\/v2\/types\/post"}],"author":[{"embeddable":true,"href":"https:\/\/yathaberturkiye.com\/en\/wp-json\/wp\/v2\/users\/12"}],"replies":[{"embeddable":true,"href":"https:\/\/yathaberturkiye.com\/en\/wp-json\/wp\/v2\/comments?post=19442"}],"version-history":[{"count":1,"href":"https:\/\/yathaberturkiye.com\/en\/wp-json\/wp\/v2\/posts\/19442\/revisions"}],"predecessor-version":[{"id":19445,"href":"https:\/\/yathaberturkiye.com\/en\/wp-json\/wp\/v2\/posts\/19442\/revisions\/19445"}],"wp:featuredmedia":[{"embeddable":true,"href":"https:\/\/yathaberturkiye.com\/en\/wp-json\/wp\/v2\/media\/19448"}],"wp:attachment":[{"href":"https:\/\/yathaberturkiye.com\/en\/wp-json\/wp\/v2\/media?parent=19442"}],"wp:term":[{"taxonomy":"category","embeddable":true,"href":"https:\/\/yathaberturkiye.com\/en\/wp-json\/wp\/v2\/categories?post=19442"},{"taxonomy":"post_tag","embeddable":true,"href":"https:\/\/yathaberturkiye.com\/en\/wp-json\/wp\/v2\/tags?post=19442"}],"curies":[{"name":"wp","href":"https:\/\/api.w.org\/{rel}","templated":true}]}}