{"id":19654,"date":"2026-03-12T13:06:18","date_gmt":"2026-03-12T13:06:18","guid":{"rendered":"https:\/\/yathaberturkiye.com\/?p=19654"},"modified":"2026-03-12T13:06:19","modified_gmt":"2026-03-12T13:06:19","slug":"change-of-flag-in-sailing-with-new-era-of-taykta-ahmet-eker","status":"publish","type":"post","link":"https:\/\/yathaberturkiye.com\/en\/change-of-flag-in-sailing-with-new-era-of-taykta-ahmet-eker\/","title":{"rendered":"New Era at TAYK: Changing the Flag in Sailing with Ahmet Eker"},"content":{"rendered":"<p>One of Turkey's most established centers in the sailing world, the Turkish Offshore Racing Club (<strong>TAYK<\/strong>), who has been successfully serving as commodore since 2016. <strong>Vedat Tezman<\/strong>\u2019s flag <strong>Nazmi Ahmet Eker\u2019<\/strong>Eker is opening the doors to a new visionary era. On March 11, Eker, who assumed the position as a result of the board meeting held on March 11, is preparing to carry the deep culture that the club has contributed to sailing into the future with the dynamism required by modern racing organizations.<\/p>\n\n\n\n<p>He has been active in the administrative structure of the club as Viskomodor for many years. <strong>Nazmi Ahmet Eker<\/strong>, Eker defines this transition as not just a change of duties, but a strategic step that will strengthen the club's international ambitions. Eker says that the club's past successes are the biggest source of motivation for the new era and summarizes his thoughts as follows:<\/p>\n\n\n\n<p><em>\u201cThe deep-rooted history of the Turkish Offshore Racing Club and its contributions to sailing is a great responsibility for me. We aim to build on the successes achieved so far and carry TAYK's strong position in national and international organizations much further. Together with our board of directors, we will continue to work with determination to support the development of offshore sailing in our country, to bring this passion to new athletes and to spread the racing culture to a wider audience.\u201d<\/em><\/p>\n\n\n\n<p><strong>Vedat Tezman<\/strong>\u2019s contributions as a board member, the club's administration is entrusted to a team of highly experienced people.<strong> Nazmi Ahmet Eker<\/strong>\u2019s new administration; <strong>Selma Rodopma<\/strong>n Viscomodor, <strong>Merter Oney<\/strong> Secretary General, <strong>Emir Iigoren<\/strong> While serving as treasurer, <strong>Zeynep Atabay<\/strong>, <strong>Vedat Tezman<\/strong> and <strong>Mehmet Ali Karamehmet<\/strong> will be involved in strategic decisions as board members. This is change, <strong>TAYK<\/strong>\u2019s determination to raise the standards in the offshore sailing world and move Turkey to a much more visible position in global racing calendars.<\/p>\n\n\n<div class=\"wp-block-image\">\n<figure class=\"aligncenter size-large\"><img fetchpriority=\"high\" decoding=\"async\" width=\"1024\" height=\"768\" src=\"https:\/\/yathaberturkiye.com\/wp-content\/uploads\/2026\/03\/Turkiye-Acikdeniz-Yaris-Kulubunun-Yeni-Baskani-Ahmet-Eker-oldu-2-1024x768.jpeg\" alt=\"\" class=\"wp-image-19655\" srcset=\"https:\/\/yathaberturkiye.com\/wp-content\/uploads\/2026\/03\/Turkiye-Acikdeniz-Yaris-Kulubunun-Yeni-Baskani-Ahmet-Eker-oldu-2-1024x768.jpeg 1024w, https:\/\/yathaberturkiye.com\/wp-content\/uploads\/2026\/03\/Turkiye-Acikdeniz-Yaris-Kulubunun-Yeni-Baskani-Ahmet-Eker-oldu-2-300x225.jpeg 300w, https:\/\/yathaberturkiye.com\/wp-content\/uploads\/2026\/03\/Turkiye-Acikdeniz-Yaris-Kulubunun-Yeni-Baskani-Ahmet-Eker-oldu-2-768x576.jpeg 768w, https:\/\/yathaberturkiye.com\/wp-content\/uploads\/2026\/03\/Turkiye-Acikdeniz-Yaris-Kulubunun-Yeni-Baskani-Ahmet-Eker-oldu-2-1536x1152.jpeg 1536w, https:\/\/yathaberturkiye.com\/wp-content\/uploads\/2026\/03\/Turkiye-Acikdeniz-Yaris-Kulubunun-Yeni-Baskani-Ahmet-Eker-oldu-2-16x12.jpeg 16w, https:\/\/yathaberturkiye.com\/wp-content\/uploads\/2026\/03\/Turkiye-Acikdeniz-Yaris-Kulubunun-Yeni-Baskani-Ahmet-Eker-oldu-2-750x563.jpeg 750w, https:\/\/yathaberturkiye.com\/wp-content\/uploads\/2026\/03\/Turkiye-Acikdeniz-Yaris-Kulubunun-Yeni-Baskani-Ahmet-Eker-oldu-2-1140x855.jpeg 1140w, https:\/\/yathaberturkiye.com\/wp-content\/uploads\/2026\/03\/Turkiye-Acikdeniz-Yaris-Kulubunun-Yeni-Baskani-Ahmet-Eker-oldu-2.jpeg 2048w\" sizes=\"(max-width: 1024px) 100vw, 1024px\" \/><\/figure>\n<\/div>","protected":false},"excerpt":{"rendered":"<p>T\u00fcrkiye\u2019nin yelken d\u00fcnyas\u0131ndaki en k\u00f6kl\u00fc merkezlerinden biri olan T\u00fcrkiye A\u00e7\u0131kdeniz Yar\u0131\u015f Kul\u00fcb\u00fc (TAYK), 2016 y\u0131l\u0131ndan bu yana komodorluk g\u00f6revini ba\u015far\u0131yla s\u00fcrd\u00fcren Vedat Tezman\u2019\u0131n bayra\u011f\u0131 Nazmi Ahmet Eker\u2019e devretmesiyle yeni bir vizyoner d\u00f6nemin kap\u0131lar\u0131n\u0131 aral\u0131yor. 11 Mart\u2019ta ger\u00e7ekle\u015fen y\u00f6netim kurulu toplant\u0131s\u0131 sonucunda g\u00f6revi \u00fcstlenen Eker, kul\u00fcb\u00fcn yelken sporuna katt\u0131\u011f\u0131 derin k\u00fclt\u00fcr\u00fc, modern yar\u0131\u015f organizasyonlar\u0131n\u0131n gerektirdi\u011fi dinamizmle [&hellip;]<\/p>","protected":false},"author":11,"featured_media":19657,"comment_status":"closed","ping_status":"closed","sticky":false,"template":"","format":"standard","meta":{"footnotes":""},"categories":[147],"tags":[568,565,566,567],"class_list":["post-19654","post","type-post","status-publish","format-standard","has-post-thumbnail","hentry","category-yat-kulup","tag-nazmi-ahmet-eker","tag-tayk","tag-turkiye-acikdeniz-yaris-kulubu","tag-vedat-tezman"],"_links":{"self":[{"href":"https:\/\/yathaberturkiye.com\/en\/wp-json\/wp\/v2\/posts\/19654","targetHints":{"allow":["GET"]}}],"collection":[{"href":"https:\/\/yathaberturkiye.com\/en\/wp-json\/wp\/v2\/posts"}],"about":[{"href":"https:\/\/yathaberturkiye.com\/en\/wp-json\/wp\/v2\/types\/post"}],"author":[{"embeddable":true,"href":"https:\/\/yathaberturkiye.com\/en\/wp-json\/wp\/v2\/users\/11"}],"replies":[{"embeddable":true,"href":"https:\/\/yathaberturkiye.com\/en\/wp-json\/wp\/v2\/comments?post=19654"}],"version-history":[{"count":1,"href":"https:\/\/yathaberturkiye.com\/en\/wp-json\/wp\/v2\/posts\/19654\/revisions"}],"predecessor-version":[{"id":19656,"href":"https:\/\/yathaberturkiye.com\/en\/wp-json\/wp\/v2\/posts\/19654\/revisions\/19656"}],"wp:featuredmedia":[{"embeddable":true,"href":"https:\/\/yathaberturkiye.com\/en\/wp-json\/wp\/v2\/media\/19657"}],"wp:attachment":[{"href":"https:\/\/yathaberturkiye.com\/en\/wp-json\/wp\/v2\/media?parent=19654"}],"wp:term":[{"taxonomy":"category","embeddable":true,"href":"https:\/\/yathaberturkiye.com\/en\/wp-json\/wp\/v2\/categories?post=19654"},{"taxonomy":"post_tag","embeddable":true,"href":"https:\/\/yathaberturkiye.com\/en\/wp-json\/wp\/v2\/tags?post=19654"}],"curies":[{"name":"wp","href":"https:\/\/api.w.org\/{rel}","templated":true}]}}